{"id":9882,"date":"2020-01-21T14:40:00","date_gmt":"2020-01-21T13:40:00","guid":{"rendered":"https:\/\/migrate.e-max.eu\/investering-van-e-15-miljoen-in-nieuwe-smeltovens\/"},"modified":"2024-12-31T11:44:21","modified_gmt":"2024-12-31T10:44:21","slug":"investition-von-15-millionen-euro-in-neue-schmelzofen","status":"publish","type":"post","link":"https:\/\/e-max.eu\/de\/investition-von-15-millionen-euro-in-neue-schmelzofen\/","title":{"rendered":"INVESTITION VON 15 MILLIONEN EURO IN NEUE SCHMELZ\u00d6FEN."},"content":{"rendered":"\n<section id=\"photo-info-overlay-block_64426062e6de3\" class=\" col-12 photo-info-overlay  d-flex align-items-stretch top-defaultpadding bottom-defaultpadding\">\n  <div id=\"photo-info-overlay-block_64426062e6de3-hook\" class=\"hook\"><\/div>  <style>\n          @media (min-width: 992px) {\n        #photo-info-overlay-block_64426062e6de3 {\n          height: auto;\n          min-height: 320px;\n        }\n      }\n              @media (max-width: 991px) {\n        #photo-info-overlay-block_64426062e6de3 {\n            height: auto;\n            min-height: 120px;\n        }\n      }\n              @media (min-width: 1199.99px) {\n        #photo-info-overlay-block_64426062e6de3 .wrapper h1,\n        #photo-info-overlay-block_64426062e6de3 .wrapper h2 {\n          font-size: 3.125rem;\n        }\n      }\n              @media (min-width: 575.99px) and (max-width: 1199.98px) {\n        #photo-info-overlay-block_64426062e6de3 .wrapper h1,\n        #photo-info-overlay-block_64426062e6de3 .wrapper h2 {\n          font-size: 2.1875rem;\n        }\n      }\n              @media (max-width: 575.98px) {\n        #photo-info-overlay-block_64426062e6de3 .wrapper h1,\n        #photo-info-overlay-block_64426062e6de3 .wrapper h2 {\n          font-size: 1.5625rem;\n        }\n      }\n              @media (min-width: 1199.99px) {\n        #photo-info-overlay-block_64426062e6de3 .wrapper p,\n        #photo-info-overlay-block_64426062e6de3 .wrapper p {\n          font-size: 1rem;\n        }\n      }\n              @media (min-width: 575.99px) and (max-width: 1199.98px) {\n        #photo-info-overlay-block_64426062e6de3 .wrapper p,\n        #photo-info-overlay-block_64426062e6de3 .wrapper p {\n          font-size: 1rem;\n        }\n      }\n              @media (max-width: 575.98px) {\n        #photo-info-overlay-block_64426062e6de3 .wrapper p,\n        #photo-info-overlay-block_64426062e6de3 .wrapper p {\n          font-size: 0.875rem;\n        }\n      }\n      <\/style>\n\n      <div class=\"background\" style=\"background-image: url(https:\/\/i0.wp.com\/e-max.eu\/wp-content\/uploads\/2023\/04\/header-scaled.jpg?fit=2048%2C415&#038;ssl=1)\"><\/div>\n      <div class=\"container d-flex flex-column justify-content-start\">\n    <div class=\"row d-flex flex-column align-items-start\">\n      <div class=\"col-12 col-lg-1\">\n        <div class=\"content \" >\n          <div class=\"color white\" style=\"opacity: calc(0\/100);\"><\/div>\n                    <div class=\"wrapper\">\n\n            \n            <div class=\"text\" style=\"color: var(--black)\">\n              \n            <\/div>\n\n                      <\/div>\n        <\/div>\n      <\/div>\n    <\/div>\n  <\/div>\n<\/section>\n\n\n\n<section id=\"intro-block_646b3c69c72a0\" class=\"col-12 white intro top-defaultpadding bottom-defaultpadding\">\n  <div id=\"intro-block_646b3c69c72a0-hook\" class=\"hook\"><\/div>    \n            \n    \n  <div class=\"container\">\n    <div class=\"row column-direction   \">\n      <div class=\"col-12 col-md-6 description  \">\n                                    <div class=\"title\" style=\"color: var(--black)\">\n                              <h1><span>INVESTITION VON 15 MILLIONEN EURO IN NEUE SCHMELZ\u00d6FEN.<\/span>\n<\/h1>\n                            <\/div>\n                      \n                      <div class=\"desc\" style=\"color: var(--black)\">\n              <p><strong>Durch diese Investition werden wir noch nachhaltiger arbeiten.<\/strong><br \/>\nZirkul\u00e4res und kohlenstoffarmes Aluminium \u2013 das ist das Ziel, auf das wir von E-MAX seit Jahren mit dem hochwertigen, supernachhaltigen zirkul\u00e4ren Aluminium X-ECO hinarbeiten. Mit einer Investition von 15 Millionen Euro in zwei neue Schmelz\u00f6fen an unserem Standort in Kerkrade ist dieses Ziel n\u00e4her denn je.<\/p>\n<p><strong>Schmelz\u00f6fen f\u00fcr die Zukunft<\/strong><br \/>\nIn unserer Gie\u00dferei in Kerkrade sind derzeit drei Schmelz\u00f6fen in Betrieb, die mehr als zwanzig Jahre alt sind. Diese Schmelz\u00f6fen werden Mitte 2022 durch zwei neue, hochmoderne Schmelz\u00f6fen ersetzt. Die derzeitige Produktionskapazit\u00e4t von 60.000 Tonnen wird mit der Inbetriebnahme der beiden neuen \u00d6fen um mehr als 40 % auf bis zu 85.000 Tonnen Billets pro Jahr erh\u00f6ht. \u201eAber die Erh\u00f6hung des Produktionsvolumens ist nicht das Hauptziel dieser Investition\u201c, erkl\u00e4rt Dimitri Fotij, CEO von E-MAX. \u201eUnser Ziel ist vor allem, unsere Produktion noch nachhaltiger zu machen. Die neuen \u00d6fen entsprechen in vollem Umfang den neuesten europ\u00e4ischen Normen in Bezug auf CO2-Emissionen. Eine neue Filteranlage sorgt daf\u00fcr, dass unsere Abgase die Anforderungen der strengsten europ\u00e4ischen Emissionsnormen erf\u00fcllen. Ein dritter Vorteil ist die Einsparung von 30 % beim Gasverbrauch. Dar\u00fcber hinaus verwenden wir nur Schrott aus alten Aluminiumfenstern und -t\u00fcren, so dass weniger Bauxit abgebaut werden muss. Das bedeutet einen schonenderen Umgang mit Rohstoffen\u201c.<\/p>\n\n            <\/div>\n                          <\/div>\n      <div class=\"col-12 col-md-6  \">\n                    <img decoding=\"async\"\n              src=\"https:\/\/i0.wp.com\/e-max.eu\/wp-content\/uploads\/2023\/06\/DSC_1159.jpg?fit=600%2C600&#038;ssl=1\"\n              alt=\"Drie vlaggen \"\n              title=\"DSC_1159\"\n              class=\"img-responsive\"\n              srcset=\"https:\/\/i0.wp.com\/e-max.eu\/wp-content\/uploads\/2023\/06\/DSC_1159.jpg?fit=450%2C450&#038;ssl=1 480w,\n                      https:\/\/i0.wp.com\/e-max.eu\/wp-content\/uploads\/2023\/06\/DSC_1159.jpg?fit=600%2C600&#038;ssl=1 2048w\"\n              sizes=\"(max-width: 480px) 480px\"\n              width=\"470\"\n                          \/>\n              <\/div>\n    <\/div>\n  <\/div>\n<\/section>\n\n\n\n<section class=\"container-block white\" id=\"container-block-block_647dda4ffb05f\">\n  <div id=\"container-block-block_647dda4ffb05f-hook\" class=\"hook\"><\/div>  \n  <div class=\"container\">\n    <div class=\"row\">\n      <div class=\"col-12\">\n        \n\n<p><strong>Innovative Technologie<\/strong><br>Eine Besonderheit bei einem der beiden \u00d6fen besteht darin, dass es sich um einen so genannten Zweikammerofen handelt. Mit dieser Technologie sind wir in der Lage, stark verunreinigtes Aluminium zu verarbeiten, zum Beispiel Aluminium mit anhaftenden Kunststoff- und\/oder Lackschichten. Den anderen Ofen setzen wir ein, um gebrauchtes Aluminium mit weniger Verunreinigungen zu verarbeiten. Durch diese Technik sind wir in der Lage, noch mehr gebrauchtes Aluminium zu recyceln. Auf diese Weise arbeiten wir auf 100 % zirkul\u00e4res Aluminium hin, das die gleichen hochwertigen Eigenschaften wie klassisches Aluminium aufweist.<\/p>\n\n\n\n<p><strong>Machen Sie auch Ihre Produkte zukunftssicher<\/strong><br>Mit X-ECO sind wir bereits heute in der Lage, Aluminiumprofile mit einem Recyclinganteil von mehr als 90 % und mit mindestens den gleichen mechanischen und Oberfl\u00e4cheneigenschaften wie klassisches Aluminium herzustellen. Dies wurde durch jahrelange Forschungsarbeiten der Vrije Universiteit Brussel und der TU Delft nachgewiesen. Als E-MAX d\u00fcrfen wir uns heute als Hauptakteur und Pionier auf dem Gebiet der Entwicklung und Produktion von zirkul\u00e4rem Aluminium bezeichnen. Aluminium, das nicht nur zum gr\u00f6\u00dften Teil aus recyceltem Material besteht, sondern auch eine enorme Verringerung der CO2-Emissionen m\u00f6glich macht.<\/p>\n\n\n\n<pre class=\"wp-block-preformatted\">\u201eF\u00fcnfzig Millionen sind eine erhebliche Investition f\u00fcr ein mittelst\u00e4ndisches Unternehmen\nwie unseres, aber sie verschafft uns einen Vorsprung von zehn Jahren.\u201c<\/pre>\n\n\n\n<p>Dimitri Fotij,<br>CEO von E-MAX<\/p>\n\n\n\n<p><br><strong>Fazit<\/strong><br>Die Investition in die neuen Schmelz\u00f6fen ist Teil eines umfassenden Konzepts. Sie ist eine der vielen Investitionen auf unserem Weg zur nachhaltigen Produktion. \u201eAlles in allem haben wir in dieses Ziel, das wir seit<br>mehr als zehn Jahren verfolgen, rund 50 Millionen Euro investiert\u201c, so Dimitri Fotij.<br>\u201eEine erhebliche Investition f\u00fcr ein mittelst\u00e4ndisches Unternehmen wie unseres, aber sie verschafft uns<br>einen Vorsprung von zehn Jahren.\u201c<\/p>\n\n\n      <\/div>\n    <\/div>\n  <\/div>\n<\/section>\n","protected":false},"excerpt":{"rendered":"<p>Zirkul\u00e4res und kohlenstoffarmes Aluminium \u2013 das ist das Ziel, auf das wir von E-MAX seit Jahren mit dem hochwertigen, supernachhaltigen zirkul\u00e4ren Aluminium X-ECO hinarbeiten. Mit einer Investition von 15 Millionen Euro in zwei neue Schmelz\u00f6fen an unserem Standort in Kerkrade ist dieses Ziel n\u00e4her denn je.<\/p>\n","protected":false},"author":1,"featured_media":8685,"comment_status":"open","ping_status":"open","sticky":false,"template":"","format":"standard","meta":{"_acf_changed":false,"footnotes":""},"categories":[63],"tags":[],"class_list":["post-9882","post","type-post","status-publish","format-standard","has-post-thumbnail","hentry","category-nachrichten"],"acf":[],"yoast_head":"<!-- This site is optimized with the Yoast SEO plugin v27.1.1 - https:\/\/yoast.com\/product\/yoast-seo-wordpress\/ -->\n<title>INVESTITION VON 15 MILLIONEN EURO IN NEUE SCHMELZ\u00d6FEN. - E-MAX<\/title>\n<meta name=\"description\" content=\"Investition von 15 Millionen Euro in neue Schmelz\u00f6fen. Erfahren Sie mehr \u00fcber unsere nachhaltigen L\u00f6sungen und Innovationen.\" \/>\n<meta name=\"robots\" content=\"index, follow, max-snippet:-1, max-image-preview:large, max-video-preview:-1\" \/>\n<link rel=\"canonical\" href=\"https:\/\/e-max.eu\/de\/investition-von-15-millionen-euro-in-neue-schmelzofen\/\" \/>\n<meta property=\"og:locale\" content=\"de_DE\" \/>\n<meta property=\"og:type\" content=\"article\" \/>\n<meta property=\"og:title\" content=\"INVESTITION VON 15 MILLIONEN EURO IN NEUE SCHMELZ\u00d6FEN. - E-MAX\" \/>\n<meta property=\"og:description\" content=\"Investition von 15 Millionen Euro in neue Schmelz\u00f6fen. Erfahren Sie mehr \u00fcber unsere nachhaltigen L\u00f6sungen und Innovationen.\" \/>\n<meta property=\"og:url\" content=\"https:\/\/e-max.eu\/de\/investition-von-15-millionen-euro-in-neue-schmelzofen\/\" \/>\n<meta property=\"og:site_name\" content=\"E-MAX\" \/>\n<meta property=\"article:published_time\" content=\"2020-01-21T13:40:00+00:00\" \/>\n<meta property=\"article:modified_time\" content=\"2024-12-31T10:44:21+00:00\" \/>\n<meta property=\"og:image\" content=\"https:\/\/e-max.eu\/wp-content\/uploads\/2023\/06\/DSC_1159.jpg\" \/>\n\t<meta property=\"og:image:width\" content=\"600\" \/>\n\t<meta property=\"og:image:height\" content=\"600\" \/>\n\t<meta property=\"og:image:type\" content=\"image\/jpeg\" \/>\n<meta name=\"author\" content=\"E-max\" \/>\n<meta name=\"twitter:card\" content=\"summary_large_image\" \/>\n<meta name=\"twitter:label1\" content=\"Verfasst von\" \/>\n\t<meta name=\"twitter:data1\" content=\"E-max\" \/>\n\t<meta name=\"twitter:label2\" content=\"Gesch\u00e4tzte Lesezeit\" \/>\n\t<meta name=\"twitter:data2\" content=\"1\u00a0Minute\" \/>\n<script type=\"application\/ld+json\" class=\"yoast-schema-graph\">{\"@context\":\"https:\/\/schema.org\",\"@graph\":[{\"@type\":\"Article\",\"@id\":\"https:\/\/e-max.eu\/de\/investition-von-15-millionen-euro-in-neue-schmelzofen\/#article\",\"isPartOf\":{\"@id\":\"https:\/\/e-max.eu\/de\/investition-von-15-millionen-euro-in-neue-schmelzofen\/\"},\"author\":{\"name\":\"E-max\",\"@id\":\"https:\/\/e-max.eu\/#\/schema\/person\/899d07b082dd958e7e713bae1de6a2ce\"},\"headline\":\"INVESTITION VON 15 MILLIONEN EURO IN NEUE SCHMELZ\u00d6FEN.\",\"datePublished\":\"2020-01-21T13:40:00+00:00\",\"dateModified\":\"2024-12-31T10:44:21+00:00\",\"mainEntityOfPage\":{\"@id\":\"https:\/\/e-max.eu\/de\/investition-von-15-millionen-euro-in-neue-schmelzofen\/\"},\"wordCount\":263,\"commentCount\":0,\"publisher\":{\"@id\":\"https:\/\/e-max.eu\/#organization\"},\"image\":{\"@id\":\"https:\/\/e-max.eu\/de\/investition-von-15-millionen-euro-in-neue-schmelzofen\/#primaryimage\"},\"thumbnailUrl\":\"https:\/\/i0.wp.com\/e-max.eu\/wp-content\/uploads\/2023\/06\/DSC_1159.jpg?fit=600%2C600&ssl=1\",\"articleSection\":[\"Nachrichten\"],\"inLanguage\":\"de\",\"potentialAction\":[{\"@type\":\"CommentAction\",\"name\":\"Comment\",\"target\":[\"https:\/\/e-max.eu\/de\/investition-von-15-millionen-euro-in-neue-schmelzofen\/#respond\"]}]},{\"@type\":\"WebPage\",\"@id\":\"https:\/\/e-max.eu\/de\/investition-von-15-millionen-euro-in-neue-schmelzofen\/\",\"url\":\"https:\/\/e-max.eu\/de\/investition-von-15-millionen-euro-in-neue-schmelzofen\/\",\"name\":\"INVESTITION VON 15 MILLIONEN EURO IN NEUE SCHMELZ\u00d6FEN. - E-MAX\",\"isPartOf\":{\"@id\":\"https:\/\/e-max.eu\/#website\"},\"primaryImageOfPage\":{\"@id\":\"https:\/\/e-max.eu\/de\/investition-von-15-millionen-euro-in-neue-schmelzofen\/#primaryimage\"},\"image\":{\"@id\":\"https:\/\/e-max.eu\/de\/investition-von-15-millionen-euro-in-neue-schmelzofen\/#primaryimage\"},\"thumbnailUrl\":\"https:\/\/i0.wp.com\/e-max.eu\/wp-content\/uploads\/2023\/06\/DSC_1159.jpg?fit=600%2C600&ssl=1\",\"datePublished\":\"2020-01-21T13:40:00+00:00\",\"dateModified\":\"2024-12-31T10:44:21+00:00\",\"description\":\"Investition von 15 Millionen Euro in neue Schmelz\u00f6fen. Erfahren Sie mehr \u00fcber unsere nachhaltigen L\u00f6sungen und Innovationen.\",\"breadcrumb\":{\"@id\":\"https:\/\/e-max.eu\/de\/investition-von-15-millionen-euro-in-neue-schmelzofen\/#breadcrumb\"},\"inLanguage\":\"de\",\"potentialAction\":[{\"@type\":\"ReadAction\",\"target\":[\"https:\/\/e-max.eu\/de\/investition-von-15-millionen-euro-in-neue-schmelzofen\/\"]}]},{\"@type\":\"ImageObject\",\"inLanguage\":\"de\",\"@id\":\"https:\/\/e-max.eu\/de\/investition-von-15-millionen-euro-in-neue-schmelzofen\/#primaryimage\",\"url\":\"https:\/\/i0.wp.com\/e-max.eu\/wp-content\/uploads\/2023\/06\/DSC_1159.jpg?fit=600%2C600&ssl=1\",\"contentUrl\":\"https:\/\/i0.wp.com\/e-max.eu\/wp-content\/uploads\/2023\/06\/DSC_1159.jpg?fit=600%2C600&ssl=1\",\"width\":600,\"height\":600,\"caption\":\"Drie vlaggen\"},{\"@type\":\"BreadcrumbList\",\"@id\":\"https:\/\/e-max.eu\/de\/investition-von-15-millionen-euro-in-neue-schmelzofen\/#breadcrumb\",\"itemListElement\":[{\"@type\":\"ListItem\",\"position\":1,\"name\":\"Home\",\"item\":\"https:\/\/e-max.eu\/de\/\"},{\"@type\":\"ListItem\",\"position\":2,\"name\":\"INVESTITION VON 15 MILLIONEN EURO IN NEUE SCHMELZ\u00d6FEN.\"}]},{\"@type\":\"WebSite\",\"@id\":\"https:\/\/e-max.eu\/#website\",\"url\":\"https:\/\/e-max.eu\/\",\"name\":\"E-MAX\",\"description\":\"Gerecycleerd aluminium met laagste carbon footprint\",\"publisher\":{\"@id\":\"https:\/\/e-max.eu\/#organization\"},\"potentialAction\":[{\"@type\":\"SearchAction\",\"target\":{\"@type\":\"EntryPoint\",\"urlTemplate\":\"https:\/\/e-max.eu\/?s={search_term_string}\"},\"query-input\":{\"@type\":\"PropertyValueSpecification\",\"valueRequired\":true,\"valueName\":\"search_term_string\"}}],\"inLanguage\":\"de\"},{\"@type\":\"Organization\",\"@id\":\"https:\/\/e-max.eu\/#organization\",\"name\":\"E-MAX Aluminium N.V.\",\"url\":\"https:\/\/e-max.eu\/\",\"logo\":{\"@type\":\"ImageObject\",\"inLanguage\":\"de\",\"@id\":\"https:\/\/e-max.eu\/#\/schema\/logo\/image\/\",\"url\":\"https:\/\/i0.wp.com\/e-max.eu\/wp-content\/uploads\/2023\/04\/mb-EMAX-logo-Colour-Screen-RGB.png?fit=137%2C46&ssl=1\",\"contentUrl\":\"https:\/\/i0.wp.com\/e-max.eu\/wp-content\/uploads\/2023\/04\/mb-EMAX-logo-Colour-Screen-RGB.png?fit=137%2C46&ssl=1\",\"width\":137,\"height\":46,\"caption\":\"E-MAX Aluminium N.V.\"},\"image\":{\"@id\":\"https:\/\/e-max.eu\/#\/schema\/logo\/image\/\"}},{\"@type\":\"Person\",\"@id\":\"https:\/\/e-max.eu\/#\/schema\/person\/899d07b082dd958e7e713bae1de6a2ce\",\"name\":\"E-max\",\"image\":{\"@type\":\"ImageObject\",\"inLanguage\":\"de\",\"@id\":\"https:\/\/e-max.eu\/#\/schema\/person\/image\/\",\"url\":\"https:\/\/secure.gravatar.com\/avatar\/c5e01a8d4c1d2b562aadb15148e179bb7fc987b4e9250330d6941928358c2e70?s=96&d=mm&r=g\",\"contentUrl\":\"https:\/\/secure.gravatar.com\/avatar\/c5e01a8d4c1d2b562aadb15148e179bb7fc987b4e9250330d6941928358c2e70?s=96&d=mm&r=g\",\"caption\":\"E-max\"},\"sameAs\":[\"https:\/\/e-max.eu\"]}]}<\/script>\n<!-- \/ Yoast SEO plugin. -->","yoast_head_json":{"title":"INVESTITION VON 15 MILLIONEN EURO IN NEUE SCHMELZ\u00d6FEN. - E-MAX","description":"Investition von 15 Millionen Euro in neue Schmelz\u00f6fen. Erfahren Sie mehr \u00fcber unsere nachhaltigen L\u00f6sungen und Innovationen.","robots":{"index":"index","follow":"follow","max-snippet":"max-snippet:-1","max-image-preview":"max-image-preview:large","max-video-preview":"max-video-preview:-1"},"canonical":"https:\/\/e-max.eu\/de\/investition-von-15-millionen-euro-in-neue-schmelzofen\/","og_locale":"de_DE","og_type":"article","og_title":"INVESTITION VON 15 MILLIONEN EURO IN NEUE SCHMELZ\u00d6FEN. - E-MAX","og_description":"Investition von 15 Millionen Euro in neue Schmelz\u00f6fen. Erfahren Sie mehr \u00fcber unsere nachhaltigen L\u00f6sungen und Innovationen.","og_url":"https:\/\/e-max.eu\/de\/investition-von-15-millionen-euro-in-neue-schmelzofen\/","og_site_name":"E-MAX","article_published_time":"2020-01-21T13:40:00+00:00","article_modified_time":"2024-12-31T10:44:21+00:00","og_image":[{"width":600,"height":600,"url":"https:\/\/e-max.eu\/wp-content\/uploads\/2023\/06\/DSC_1159.jpg","type":"image\/jpeg"}],"author":"E-max","twitter_card":"summary_large_image","twitter_misc":{"Verfasst von":"E-max","Gesch\u00e4tzte Lesezeit":"1\u00a0Minute"},"schema":{"@context":"https:\/\/schema.org","@graph":[{"@type":"Article","@id":"https:\/\/e-max.eu\/de\/investition-von-15-millionen-euro-in-neue-schmelzofen\/#article","isPartOf":{"@id":"https:\/\/e-max.eu\/de\/investition-von-15-millionen-euro-in-neue-schmelzofen\/"},"author":{"name":"E-max","@id":"https:\/\/e-max.eu\/#\/schema\/person\/899d07b082dd958e7e713bae1de6a2ce"},"headline":"INVESTITION VON 15 MILLIONEN EURO IN NEUE SCHMELZ\u00d6FEN.","datePublished":"2020-01-21T13:40:00+00:00","dateModified":"2024-12-31T10:44:21+00:00","mainEntityOfPage":{"@id":"https:\/\/e-max.eu\/de\/investition-von-15-millionen-euro-in-neue-schmelzofen\/"},"wordCount":263,"commentCount":0,"publisher":{"@id":"https:\/\/e-max.eu\/#organization"},"image":{"@id":"https:\/\/e-max.eu\/de\/investition-von-15-millionen-euro-in-neue-schmelzofen\/#primaryimage"},"thumbnailUrl":"https:\/\/i0.wp.com\/e-max.eu\/wp-content\/uploads\/2023\/06\/DSC_1159.jpg?fit=600%2C600&ssl=1","articleSection":["Nachrichten"],"inLanguage":"de","potentialAction":[{"@type":"CommentAction","name":"Comment","target":["https:\/\/e-max.eu\/de\/investition-von-15-millionen-euro-in-neue-schmelzofen\/#respond"]}]},{"@type":"WebPage","@id":"https:\/\/e-max.eu\/de\/investition-von-15-millionen-euro-in-neue-schmelzofen\/","url":"https:\/\/e-max.eu\/de\/investition-von-15-millionen-euro-in-neue-schmelzofen\/","name":"INVESTITION VON 15 MILLIONEN EURO IN NEUE SCHMELZ\u00d6FEN. - E-MAX","isPartOf":{"@id":"https:\/\/e-max.eu\/#website"},"primaryImageOfPage":{"@id":"https:\/\/e-max.eu\/de\/investition-von-15-millionen-euro-in-neue-schmelzofen\/#primaryimage"},"image":{"@id":"https:\/\/e-max.eu\/de\/investition-von-15-millionen-euro-in-neue-schmelzofen\/#primaryimage"},"thumbnailUrl":"https:\/\/i0.wp.com\/e-max.eu\/wp-content\/uploads\/2023\/06\/DSC_1159.jpg?fit=600%2C600&ssl=1","datePublished":"2020-01-21T13:40:00+00:00","dateModified":"2024-12-31T10:44:21+00:00","description":"Investition von 15 Millionen Euro in neue Schmelz\u00f6fen. Erfahren Sie mehr \u00fcber unsere nachhaltigen L\u00f6sungen und Innovationen.","breadcrumb":{"@id":"https:\/\/e-max.eu\/de\/investition-von-15-millionen-euro-in-neue-schmelzofen\/#breadcrumb"},"inLanguage":"de","potentialAction":[{"@type":"ReadAction","target":["https:\/\/e-max.eu\/de\/investition-von-15-millionen-euro-in-neue-schmelzofen\/"]}]},{"@type":"ImageObject","inLanguage":"de","@id":"https:\/\/e-max.eu\/de\/investition-von-15-millionen-euro-in-neue-schmelzofen\/#primaryimage","url":"https:\/\/i0.wp.com\/e-max.eu\/wp-content\/uploads\/2023\/06\/DSC_1159.jpg?fit=600%2C600&ssl=1","contentUrl":"https:\/\/i0.wp.com\/e-max.eu\/wp-content\/uploads\/2023\/06\/DSC_1159.jpg?fit=600%2C600&ssl=1","width":600,"height":600,"caption":"Drie vlaggen"},{"@type":"BreadcrumbList","@id":"https:\/\/e-max.eu\/de\/investition-von-15-millionen-euro-in-neue-schmelzofen\/#breadcrumb","itemListElement":[{"@type":"ListItem","position":1,"name":"Home","item":"https:\/\/e-max.eu\/de\/"},{"@type":"ListItem","position":2,"name":"INVESTITION VON 15 MILLIONEN EURO IN NEUE SCHMELZ\u00d6FEN."}]},{"@type":"WebSite","@id":"https:\/\/e-max.eu\/#website","url":"https:\/\/e-max.eu\/","name":"E-MAX","description":"Gerecycleerd aluminium met laagste carbon footprint","publisher":{"@id":"https:\/\/e-max.eu\/#organization"},"potentialAction":[{"@type":"SearchAction","target":{"@type":"EntryPoint","urlTemplate":"https:\/\/e-max.eu\/?s={search_term_string}"},"query-input":{"@type":"PropertyValueSpecification","valueRequired":true,"valueName":"search_term_string"}}],"inLanguage":"de"},{"@type":"Organization","@id":"https:\/\/e-max.eu\/#organization","name":"E-MAX Aluminium N.V.","url":"https:\/\/e-max.eu\/","logo":{"@type":"ImageObject","inLanguage":"de","@id":"https:\/\/e-max.eu\/#\/schema\/logo\/image\/","url":"https:\/\/i0.wp.com\/e-max.eu\/wp-content\/uploads\/2023\/04\/mb-EMAX-logo-Colour-Screen-RGB.png?fit=137%2C46&ssl=1","contentUrl":"https:\/\/i0.wp.com\/e-max.eu\/wp-content\/uploads\/2023\/04\/mb-EMAX-logo-Colour-Screen-RGB.png?fit=137%2C46&ssl=1","width":137,"height":46,"caption":"E-MAX Aluminium N.V."},"image":{"@id":"https:\/\/e-max.eu\/#\/schema\/logo\/image\/"}},{"@type":"Person","@id":"https:\/\/e-max.eu\/#\/schema\/person\/899d07b082dd958e7e713bae1de6a2ce","name":"E-max","image":{"@type":"ImageObject","inLanguage":"de","@id":"https:\/\/e-max.eu\/#\/schema\/person\/image\/","url":"https:\/\/secure.gravatar.com\/avatar\/c5e01a8d4c1d2b562aadb15148e179bb7fc987b4e9250330d6941928358c2e70?s=96&d=mm&r=g","contentUrl":"https:\/\/secure.gravatar.com\/avatar\/c5e01a8d4c1d2b562aadb15148e179bb7fc987b4e9250330d6941928358c2e70?s=96&d=mm&r=g","caption":"E-max"},"sameAs":["https:\/\/e-max.eu"]}]}},"_links":{"self":[{"href":"https:\/\/e-max.eu\/de\/wp-json\/wp\/v2\/posts\/9882","targetHints":{"allow":["GET"]}}],"collection":[{"href":"https:\/\/e-max.eu\/de\/wp-json\/wp\/v2\/posts"}],"about":[{"href":"https:\/\/e-max.eu\/de\/wp-json\/wp\/v2\/types\/post"}],"author":[{"embeddable":true,"href":"https:\/\/e-max.eu\/de\/wp-json\/wp\/v2\/users\/1"}],"replies":[{"embeddable":true,"href":"https:\/\/e-max.eu\/de\/wp-json\/wp\/v2\/comments?post=9882"}],"version-history":[{"count":1,"href":"https:\/\/e-max.eu\/de\/wp-json\/wp\/v2\/posts\/9882\/revisions"}],"predecessor-version":[{"id":14925,"href":"https:\/\/e-max.eu\/de\/wp-json\/wp\/v2\/posts\/9882\/revisions\/14925"}],"wp:featuredmedia":[{"embeddable":true,"href":"https:\/\/e-max.eu\/de\/wp-json\/wp\/v2\/media\/8685"}],"wp:attachment":[{"href":"https:\/\/e-max.eu\/de\/wp-json\/wp\/v2\/media?parent=9882"}],"wp:term":[{"taxonomy":"category","embeddable":true,"href":"https:\/\/e-max.eu\/de\/wp-json\/wp\/v2\/categories?post=9882"},{"taxonomy":"post_tag","embeddable":true,"href":"https:\/\/e-max.eu\/de\/wp-json\/wp\/v2\/tags?post=9882"}],"curies":[{"name":"wp","href":"https:\/\/api.w.org\/{rel}","templated":true}]}}