{"id":9896,"date":"2020-01-06T12:07:00","date_gmt":"2020-01-06T11:07:00","guid":{"rendered":"https:\/\/migrate.e-max.eu\/nieuwe-verpakkingslijn\/"},"modified":"2024-12-31T11:46:01","modified_gmt":"2024-12-31T10:46:01","slug":"neue-verpackungslinie","status":"publish","type":"post","link":"https:\/\/e-max.eu\/de\/neue-verpackungslinie\/","title":{"rendered":"NEUE VERPACKUNGSLINIE"},"content":{"rendered":"\n<section id=\"photo-info-overlay-block_64426062e6de3\" class=\" col-12 photo-info-overlay  d-flex align-items-stretch top-defaultpadding bottom-defaultpadding\">\n  <div id=\"photo-info-overlay-block_64426062e6de3-hook\" class=\"hook\"><\/div>  <style>\n          @media (min-width: 992px) {\n        #photo-info-overlay-block_64426062e6de3 {\n          height: auto;\n          min-height: 320px;\n        }\n      }\n              @media (max-width: 991px) {\n        #photo-info-overlay-block_64426062e6de3 {\n            height: auto;\n            min-height: 120px;\n        }\n      }\n              @media (min-width: 1199.99px) {\n        #photo-info-overlay-block_64426062e6de3 .wrapper h1,\n        #photo-info-overlay-block_64426062e6de3 .wrapper h2 {\n          font-size: 3.125rem;\n        }\n      }\n              @media (min-width: 575.99px) and (max-width: 1199.98px) {\n        #photo-info-overlay-block_64426062e6de3 .wrapper h1,\n        #photo-info-overlay-block_64426062e6de3 .wrapper h2 {\n          font-size: 2.1875rem;\n        }\n      }\n              @media (max-width: 575.98px) {\n        #photo-info-overlay-block_64426062e6de3 .wrapper h1,\n        #photo-info-overlay-block_64426062e6de3 .wrapper h2 {\n          font-size: 1.5625rem;\n        }\n      }\n              @media (min-width: 1199.99px) {\n        #photo-info-overlay-block_64426062e6de3 .wrapper p,\n        #photo-info-overlay-block_64426062e6de3 .wrapper p {\n          font-size: 1rem;\n        }\n      }\n              @media (min-width: 575.99px) and (max-width: 1199.98px) {\n        #photo-info-overlay-block_64426062e6de3 .wrapper p,\n        #photo-info-overlay-block_64426062e6de3 .wrapper p {\n          font-size: 1rem;\n        }\n      }\n              @media (max-width: 575.98px) {\n        #photo-info-overlay-block_64426062e6de3 .wrapper p,\n        #photo-info-overlay-block_64426062e6de3 .wrapper p {\n          font-size: 0.875rem;\n        }\n      }\n      <\/style>\n\n      <div class=\"background\" style=\"background-image: url(https:\/\/i0.wp.com\/e-max.eu\/wp-content\/uploads\/2023\/04\/header-scaled.jpg?fit=2048%2C415&#038;ssl=1)\"><\/div>\n      <div class=\"container d-flex flex-column justify-content-start\">\n    <div class=\"row d-flex flex-column align-items-start\">\n      <div class=\"col-12 col-lg-1\">\n        <div class=\"content \" >\n          <div class=\"color white\" style=\"opacity: calc(0\/100);\"><\/div>\n                    <div class=\"wrapper\">\n\n            \n            <div class=\"text\" style=\"color: var(--black)\">\n              \n            <\/div>\n\n                      <\/div>\n        <\/div>\n      <\/div>\n    <\/div>\n  <\/div>\n<\/section>\n\n\n\n<section id=\"intro-block_646b3c69c72a0\" class=\"col-12 white intro top-defaultpadding bottom-defaultpadding\">\n  <div id=\"intro-block_646b3c69c72a0-hook\" class=\"hook\"><\/div>    \n            \n    \n  <div class=\"container\">\n    <div class=\"row column-direction   \">\n      <div class=\"col-12 col-md-6 description  \">\n                                    <div class=\"title\" style=\"color: var(--black)\">\n                              <h1><span>NEUE VERPACKUNGSLINIE<\/span>\n<\/h1>\n                            <\/div>\n                      \n                      <div class=\"desc\" style=\"color: var(--black)\">\n              <p>E-MAX hat in eine neue Verpackungslinie f\u00fcr Wickelverpackungen am Standort Dilsen investiert.<\/p>\n<p>Innovation ist ein stetiger Prozess bei E-MAX, damit wir Ihnen nachhaltige Produkte zu g\u00fcnstigen Preisen anbieten k\u00f6nnen. Wir k\u00f6nnen voller Stolz verk\u00fcnden, dass wir nun auch am Standort Dilsen Wickelverpackungen anbieten. Mit dieser Prozessoptimierung sorgen wir daf\u00fcr, dass wir Ihnen diese g\u00fcnstigen und umweltfreundlichen Verpackungen liefern k\u00f6nnen.<\/p>\n<p>Welche Vorteile bietet eine Wickelverpackung? Der Verpackungsprozess wird weiter automatisiert und vereinfacht. Au\u00dferdem sorgt E-MAX so f\u00fcr mehr Einheitlichkeit, denn alle Standorte liefern ab sofort zus\u00e4tzlich zu unseren weiteren Verpackungsoptionen Wickelverpackungen.<\/p>\n<p>Wickelverpackungen bieten diverse Vorteile. Zu den Vorteilen geh\u00f6ren unter anderem:<\/p>\n<ul>\n<li>Robustere Verpackung<\/li>\n<li>Umweltfreundlicher<\/li>\n<li>Stabiler<\/li>\n<li>Keine Feuchtigkeit oder Staub beim Transport<\/li>\n<li>Weniger Abfall bei der Entgegennahme<\/li>\n<\/ul>\n<p>Wir liefern situationsgerecht die Verpackung, die zu Ihnen passt. Dar\u00fcber hinaus bieten wir jederzeit auch Verpackungen nach Ma\u00df an. Erleben Sie selbst die Vorteile unserer Verpackungen. Erkundigen Sie sich einfach bei unseren Beratern.<\/p>\n\n            <\/div>\n                          <\/div>\n      <div class=\"col-12 col-md-6  \">\n                    <img decoding=\"async\"\n              src=\"https:\/\/i0.wp.com\/e-max.eu\/wp-content\/uploads\/2023\/05\/20.jpg?fit=600%2C600&#038;ssl=1\"\n              alt=\"Werknemer die een stapel aluminium profielen aan het verpakken is\"\n              title=\"20\"\n              class=\"img-responsive\"\n              srcset=\"https:\/\/i0.wp.com\/e-max.eu\/wp-content\/uploads\/2023\/05\/20.jpg?fit=450%2C450&#038;ssl=1 480w,\n                      https:\/\/i0.wp.com\/e-max.eu\/wp-content\/uploads\/2023\/05\/20.jpg?fit=600%2C600&#038;ssl=1 2048w\"\n              sizes=\"(max-width: 480px) 480px\"\n              width=\"470\"\n                          \/>\n              <\/div>\n    <\/div>\n  <\/div>\n<\/section>\n","protected":false},"excerpt":{"rendered":"<p>Innovation ist ein stetiger Prozess bei E-MAX, damit wir Ihnen nachhaltige Produkte zu g\u00fcnstigen Preisen anbieten k\u00f6nnen. Wir k\u00f6nnen voller Stolz verk\u00fcnden, dass wir nun auch am Standort Dilsen Wickelverpackungen anbieten. Mit dieser Prozessoptimierung sorgen wir daf\u00fcr, dass wir Ihnen diese g\u00fcnstigen und umweltfreundlichen Verpackungen liefern k\u00f6nnen.<\/p>\n","protected":false},"author":1,"featured_media":7163,"comment_status":"open","ping_status":"open","sticky":false,"template":"","format":"standard","meta":{"_acf_changed":false,"footnotes":""},"categories":[63],"tags":[],"class_list":["post-9896","post","type-post","status-publish","format-standard","has-post-thumbnail","hentry","category-nachrichten"],"acf":[],"yoast_head":"<!-- This site is optimized with the Yoast SEO plugin v27.1.1 - https:\/\/yoast.com\/product\/yoast-seo-wordpress\/ -->\n<title>NEUE VERPACKUNGSLINIE - E-MAX<\/title>\n<meta name=\"description\" content=\"Neue Verpackungslinie. Erfahren Sie mehr \u00fcber unsere nachhaltigen L\u00f6sungen und Innovationen.\" \/>\n<meta name=\"robots\" content=\"index, follow, max-snippet:-1, max-image-preview:large, max-video-preview:-1\" \/>\n<link rel=\"canonical\" href=\"https:\/\/e-max.eu\/de\/neue-verpackungslinie\/\" \/>\n<meta property=\"og:locale\" content=\"de_DE\" \/>\n<meta property=\"og:type\" content=\"article\" \/>\n<meta property=\"og:title\" content=\"NEUE VERPACKUNGSLINIE - E-MAX\" \/>\n<meta property=\"og:description\" content=\"Neue Verpackungslinie. Erfahren Sie mehr \u00fcber unsere nachhaltigen L\u00f6sungen und Innovationen.\" \/>\n<meta property=\"og:url\" content=\"https:\/\/e-max.eu\/de\/neue-verpackungslinie\/\" \/>\n<meta property=\"og:site_name\" content=\"E-MAX\" \/>\n<meta property=\"article:published_time\" content=\"2020-01-06T11:07:00+00:00\" \/>\n<meta property=\"article:modified_time\" content=\"2024-12-31T10:46:01+00:00\" \/>\n<meta property=\"og:image\" content=\"https:\/\/e-max.eu\/wp-content\/uploads\/2023\/04\/office-test-mid-hor.jpg\" \/>\n\t<meta property=\"og:image:width\" content=\"1511\" \/>\n\t<meta property=\"og:image:height\" content=\"732\" \/>\n\t<meta property=\"og:image:type\" content=\"image\/jpeg\" \/>\n<meta name=\"author\" content=\"E-max\" \/>\n<meta name=\"twitter:card\" content=\"summary_large_image\" \/>\n<meta name=\"twitter:label1\" content=\"Verfasst von\" \/>\n\t<meta name=\"twitter:data1\" content=\"E-max\" \/>\n<script type=\"application\/ld+json\" class=\"yoast-schema-graph\">{\"@context\":\"https:\/\/schema.org\",\"@graph\":[{\"@type\":\"Article\",\"@id\":\"https:\/\/e-max.eu\/de\/neue-verpackungslinie\/#article\",\"isPartOf\":{\"@id\":\"https:\/\/e-max.eu\/de\/neue-verpackungslinie\/\"},\"author\":{\"name\":\"E-max\",\"@id\":\"https:\/\/e-max.eu\/#\/schema\/person\/899d07b082dd958e7e713bae1de6a2ce\"},\"headline\":\"NEUE VERPACKUNGSLINIE\",\"datePublished\":\"2020-01-06T11:07:00+00:00\",\"dateModified\":\"2024-12-31T10:46:01+00:00\",\"mainEntityOfPage\":{\"@id\":\"https:\/\/e-max.eu\/de\/neue-verpackungslinie\/\"},\"wordCount\":2,\"commentCount\":0,\"publisher\":{\"@id\":\"https:\/\/e-max.eu\/#organization\"},\"image\":{\"@id\":\"https:\/\/e-max.eu\/de\/neue-verpackungslinie\/#primaryimage\"},\"thumbnailUrl\":\"https:\/\/i0.wp.com\/e-max.eu\/wp-content\/uploads\/2023\/04\/office-test-mid-hor.jpg?fit=1511%2C732&ssl=1\",\"articleSection\":[\"Nachrichten\"],\"inLanguage\":\"de\",\"potentialAction\":[{\"@type\":\"CommentAction\",\"name\":\"Comment\",\"target\":[\"https:\/\/e-max.eu\/de\/neue-verpackungslinie\/#respond\"]}]},{\"@type\":\"WebPage\",\"@id\":\"https:\/\/e-max.eu\/de\/neue-verpackungslinie\/\",\"url\":\"https:\/\/e-max.eu\/de\/neue-verpackungslinie\/\",\"name\":\"NEUE VERPACKUNGSLINIE - E-MAX\",\"isPartOf\":{\"@id\":\"https:\/\/e-max.eu\/#website\"},\"primaryImageOfPage\":{\"@id\":\"https:\/\/e-max.eu\/de\/neue-verpackungslinie\/#primaryimage\"},\"image\":{\"@id\":\"https:\/\/e-max.eu\/de\/neue-verpackungslinie\/#primaryimage\"},\"thumbnailUrl\":\"https:\/\/i0.wp.com\/e-max.eu\/wp-content\/uploads\/2023\/04\/office-test-mid-hor.jpg?fit=1511%2C732&ssl=1\",\"datePublished\":\"2020-01-06T11:07:00+00:00\",\"dateModified\":\"2024-12-31T10:46:01+00:00\",\"description\":\"Neue Verpackungslinie. Erfahren Sie mehr \u00fcber unsere nachhaltigen L\u00f6sungen und Innovationen.\",\"breadcrumb\":{\"@id\":\"https:\/\/e-max.eu\/de\/neue-verpackungslinie\/#breadcrumb\"},\"inLanguage\":\"de\",\"potentialAction\":[{\"@type\":\"ReadAction\",\"target\":[\"https:\/\/e-max.eu\/de\/neue-verpackungslinie\/\"]}]},{\"@type\":\"ImageObject\",\"inLanguage\":\"de\",\"@id\":\"https:\/\/e-max.eu\/de\/neue-verpackungslinie\/#primaryimage\",\"url\":\"https:\/\/i0.wp.com\/e-max.eu\/wp-content\/uploads\/2023\/04\/office-test-mid-hor.jpg?fit=1511%2C732&ssl=1\",\"contentUrl\":\"https:\/\/i0.wp.com\/e-max.eu\/wp-content\/uploads\/2023\/04\/office-test-mid-hor.jpg?fit=1511%2C732&ssl=1\",\"width\":1511,\"height\":732,\"caption\":\"Voorzijde van de locatie in Gullegem. Metalen frame grote ramen met een productiehal aan de zijkant voorzien van een groot spandoek met het logo van EMAX erop.\"},{\"@type\":\"BreadcrumbList\",\"@id\":\"https:\/\/e-max.eu\/de\/neue-verpackungslinie\/#breadcrumb\",\"itemListElement\":[{\"@type\":\"ListItem\",\"position\":1,\"name\":\"Home\",\"item\":\"https:\/\/e-max.eu\/de\/\"},{\"@type\":\"ListItem\",\"position\":2,\"name\":\"NEUE VERPACKUNGSLINIE\"}]},{\"@type\":\"WebSite\",\"@id\":\"https:\/\/e-max.eu\/#website\",\"url\":\"https:\/\/e-max.eu\/\",\"name\":\"E-MAX\",\"description\":\"Gerecycleerd aluminium met laagste carbon footprint\",\"publisher\":{\"@id\":\"https:\/\/e-max.eu\/#organization\"},\"potentialAction\":[{\"@type\":\"SearchAction\",\"target\":{\"@type\":\"EntryPoint\",\"urlTemplate\":\"https:\/\/e-max.eu\/?s={search_term_string}\"},\"query-input\":{\"@type\":\"PropertyValueSpecification\",\"valueRequired\":true,\"valueName\":\"search_term_string\"}}],\"inLanguage\":\"de\"},{\"@type\":\"Organization\",\"@id\":\"https:\/\/e-max.eu\/#organization\",\"name\":\"E-MAX Aluminium N.V.\",\"url\":\"https:\/\/e-max.eu\/\",\"logo\":{\"@type\":\"ImageObject\",\"inLanguage\":\"de\",\"@id\":\"https:\/\/e-max.eu\/#\/schema\/logo\/image\/\",\"url\":\"https:\/\/i0.wp.com\/e-max.eu\/wp-content\/uploads\/2023\/04\/mb-EMAX-logo-Colour-Screen-RGB.png?fit=137%2C46&ssl=1\",\"contentUrl\":\"https:\/\/i0.wp.com\/e-max.eu\/wp-content\/uploads\/2023\/04\/mb-EMAX-logo-Colour-Screen-RGB.png?fit=137%2C46&ssl=1\",\"width\":137,\"height\":46,\"caption\":\"E-MAX Aluminium N.V.\"},\"image\":{\"@id\":\"https:\/\/e-max.eu\/#\/schema\/logo\/image\/\"}},{\"@type\":\"Person\",\"@id\":\"https:\/\/e-max.eu\/#\/schema\/person\/899d07b082dd958e7e713bae1de6a2ce\",\"name\":\"E-max\",\"image\":{\"@type\":\"ImageObject\",\"inLanguage\":\"de\",\"@id\":\"https:\/\/e-max.eu\/#\/schema\/person\/image\/\",\"url\":\"https:\/\/secure.gravatar.com\/avatar\/c5e01a8d4c1d2b562aadb15148e179bb7fc987b4e9250330d6941928358c2e70?s=96&d=mm&r=g\",\"contentUrl\":\"https:\/\/secure.gravatar.com\/avatar\/c5e01a8d4c1d2b562aadb15148e179bb7fc987b4e9250330d6941928358c2e70?s=96&d=mm&r=g\",\"caption\":\"E-max\"},\"sameAs\":[\"https:\/\/e-max.eu\"]}]}<\/script>\n<!-- \/ Yoast SEO plugin. -->","yoast_head_json":{"title":"NEUE VERPACKUNGSLINIE - E-MAX","description":"Neue Verpackungslinie. Erfahren Sie mehr \u00fcber unsere nachhaltigen L\u00f6sungen und Innovationen.","robots":{"index":"index","follow":"follow","max-snippet":"max-snippet:-1","max-image-preview":"max-image-preview:large","max-video-preview":"max-video-preview:-1"},"canonical":"https:\/\/e-max.eu\/de\/neue-verpackungslinie\/","og_locale":"de_DE","og_type":"article","og_title":"NEUE VERPACKUNGSLINIE - E-MAX","og_description":"Neue Verpackungslinie. Erfahren Sie mehr \u00fcber unsere nachhaltigen L\u00f6sungen und Innovationen.","og_url":"https:\/\/e-max.eu\/de\/neue-verpackungslinie\/","og_site_name":"E-MAX","article_published_time":"2020-01-06T11:07:00+00:00","article_modified_time":"2024-12-31T10:46:01+00:00","og_image":[{"width":1511,"height":732,"url":"https:\/\/e-max.eu\/wp-content\/uploads\/2023\/04\/office-test-mid-hor.jpg","type":"image\/jpeg"}],"author":"E-max","twitter_card":"summary_large_image","twitter_misc":{"Verfasst von":"E-max"},"schema":{"@context":"https:\/\/schema.org","@graph":[{"@type":"Article","@id":"https:\/\/e-max.eu\/de\/neue-verpackungslinie\/#article","isPartOf":{"@id":"https:\/\/e-max.eu\/de\/neue-verpackungslinie\/"},"author":{"name":"E-max","@id":"https:\/\/e-max.eu\/#\/schema\/person\/899d07b082dd958e7e713bae1de6a2ce"},"headline":"NEUE VERPACKUNGSLINIE","datePublished":"2020-01-06T11:07:00+00:00","dateModified":"2024-12-31T10:46:01+00:00","mainEntityOfPage":{"@id":"https:\/\/e-max.eu\/de\/neue-verpackungslinie\/"},"wordCount":2,"commentCount":0,"publisher":{"@id":"https:\/\/e-max.eu\/#organization"},"image":{"@id":"https:\/\/e-max.eu\/de\/neue-verpackungslinie\/#primaryimage"},"thumbnailUrl":"https:\/\/i0.wp.com\/e-max.eu\/wp-content\/uploads\/2023\/04\/office-test-mid-hor.jpg?fit=1511%2C732&ssl=1","articleSection":["Nachrichten"],"inLanguage":"de","potentialAction":[{"@type":"CommentAction","name":"Comment","target":["https:\/\/e-max.eu\/de\/neue-verpackungslinie\/#respond"]}]},{"@type":"WebPage","@id":"https:\/\/e-max.eu\/de\/neue-verpackungslinie\/","url":"https:\/\/e-max.eu\/de\/neue-verpackungslinie\/","name":"NEUE VERPACKUNGSLINIE - E-MAX","isPartOf":{"@id":"https:\/\/e-max.eu\/#website"},"primaryImageOfPage":{"@id":"https:\/\/e-max.eu\/de\/neue-verpackungslinie\/#primaryimage"},"image":{"@id":"https:\/\/e-max.eu\/de\/neue-verpackungslinie\/#primaryimage"},"thumbnailUrl":"https:\/\/i0.wp.com\/e-max.eu\/wp-content\/uploads\/2023\/04\/office-test-mid-hor.jpg?fit=1511%2C732&ssl=1","datePublished":"2020-01-06T11:07:00+00:00","dateModified":"2024-12-31T10:46:01+00:00","description":"Neue Verpackungslinie. Erfahren Sie mehr \u00fcber unsere nachhaltigen L\u00f6sungen und Innovationen.","breadcrumb":{"@id":"https:\/\/e-max.eu\/de\/neue-verpackungslinie\/#breadcrumb"},"inLanguage":"de","potentialAction":[{"@type":"ReadAction","target":["https:\/\/e-max.eu\/de\/neue-verpackungslinie\/"]}]},{"@type":"ImageObject","inLanguage":"de","@id":"https:\/\/e-max.eu\/de\/neue-verpackungslinie\/#primaryimage","url":"https:\/\/i0.wp.com\/e-max.eu\/wp-content\/uploads\/2023\/04\/office-test-mid-hor.jpg?fit=1511%2C732&ssl=1","contentUrl":"https:\/\/i0.wp.com\/e-max.eu\/wp-content\/uploads\/2023\/04\/office-test-mid-hor.jpg?fit=1511%2C732&ssl=1","width":1511,"height":732,"caption":"Voorzijde van de locatie in Gullegem. Metalen frame grote ramen met een productiehal aan de zijkant voorzien van een groot spandoek met het logo van EMAX erop."},{"@type":"BreadcrumbList","@id":"https:\/\/e-max.eu\/de\/neue-verpackungslinie\/#breadcrumb","itemListElement":[{"@type":"ListItem","position":1,"name":"Home","item":"https:\/\/e-max.eu\/de\/"},{"@type":"ListItem","position":2,"name":"NEUE VERPACKUNGSLINIE"}]},{"@type":"WebSite","@id":"https:\/\/e-max.eu\/#website","url":"https:\/\/e-max.eu\/","name":"E-MAX","description":"Gerecycleerd aluminium met laagste carbon footprint","publisher":{"@id":"https:\/\/e-max.eu\/#organization"},"potentialAction":[{"@type":"SearchAction","target":{"@type":"EntryPoint","urlTemplate":"https:\/\/e-max.eu\/?s={search_term_string}"},"query-input":{"@type":"PropertyValueSpecification","valueRequired":true,"valueName":"search_term_string"}}],"inLanguage":"de"},{"@type":"Organization","@id":"https:\/\/e-max.eu\/#organization","name":"E-MAX Aluminium N.V.","url":"https:\/\/e-max.eu\/","logo":{"@type":"ImageObject","inLanguage":"de","@id":"https:\/\/e-max.eu\/#\/schema\/logo\/image\/","url":"https:\/\/i0.wp.com\/e-max.eu\/wp-content\/uploads\/2023\/04\/mb-EMAX-logo-Colour-Screen-RGB.png?fit=137%2C46&ssl=1","contentUrl":"https:\/\/i0.wp.com\/e-max.eu\/wp-content\/uploads\/2023\/04\/mb-EMAX-logo-Colour-Screen-RGB.png?fit=137%2C46&ssl=1","width":137,"height":46,"caption":"E-MAX Aluminium N.V."},"image":{"@id":"https:\/\/e-max.eu\/#\/schema\/logo\/image\/"}},{"@type":"Person","@id":"https:\/\/e-max.eu\/#\/schema\/person\/899d07b082dd958e7e713bae1de6a2ce","name":"E-max","image":{"@type":"ImageObject","inLanguage":"de","@id":"https:\/\/e-max.eu\/#\/schema\/person\/image\/","url":"https:\/\/secure.gravatar.com\/avatar\/c5e01a8d4c1d2b562aadb15148e179bb7fc987b4e9250330d6941928358c2e70?s=96&d=mm&r=g","contentUrl":"https:\/\/secure.gravatar.com\/avatar\/c5e01a8d4c1d2b562aadb15148e179bb7fc987b4e9250330d6941928358c2e70?s=96&d=mm&r=g","caption":"E-max"},"sameAs":["https:\/\/e-max.eu"]}]}},"_links":{"self":[{"href":"https:\/\/e-max.eu\/de\/wp-json\/wp\/v2\/posts\/9896","targetHints":{"allow":["GET"]}}],"collection":[{"href":"https:\/\/e-max.eu\/de\/wp-json\/wp\/v2\/posts"}],"about":[{"href":"https:\/\/e-max.eu\/de\/wp-json\/wp\/v2\/types\/post"}],"author":[{"embeddable":true,"href":"https:\/\/e-max.eu\/de\/wp-json\/wp\/v2\/users\/1"}],"replies":[{"embeddable":true,"href":"https:\/\/e-max.eu\/de\/wp-json\/wp\/v2\/comments?post=9896"}],"version-history":[{"count":1,"href":"https:\/\/e-max.eu\/de\/wp-json\/wp\/v2\/posts\/9896\/revisions"}],"predecessor-version":[{"id":14929,"href":"https:\/\/e-max.eu\/de\/wp-json\/wp\/v2\/posts\/9896\/revisions\/14929"}],"wp:featuredmedia":[{"embeddable":true,"href":"https:\/\/e-max.eu\/de\/wp-json\/wp\/v2\/media\/7163"}],"wp:attachment":[{"href":"https:\/\/e-max.eu\/de\/wp-json\/wp\/v2\/media?parent=9896"}],"wp:term":[{"taxonomy":"category","embeddable":true,"href":"https:\/\/e-max.eu\/de\/wp-json\/wp\/v2\/categories?post=9896"},{"taxonomy":"post_tag","embeddable":true,"href":"https:\/\/e-max.eu\/de\/wp-json\/wp\/v2\/tags?post=9896"}],"curies":[{"name":"wp","href":"https:\/\/api.w.org\/{rel}","templated":true}]}}